{"id":810,"date":"2025-01-22T09:53:12","date_gmt":"2025-01-22T09:53:12","guid":{"rendered":"https:\/\/www.reginvest.eu\/?p=810"},"modified":"2025-01-22T09:54:46","modified_gmt":"2025-01-22T09:54:46","slug":"vianoce-na-cypre","status":"publish","type":"post","link":"https:\/\/www.reginvest.eu\/sk\/vianoce-na-cypre\/","title":{"rendered":"Vianoce na Cypre"},"content":{"rendered":"\n<h3 class=\"wp-block-heading\"><strong>Advent a p\u00f4st narodenia P\u00e1na<\/strong><\/h3>\n\n\n\n<p>Viano\u010dn\u00e9 obdobie na Cypre za\u010d\u00edna adventom, ktor\u00e9ho s\u00fa\u010das\u0165ou je p\u00f4st narodenia P\u00e1na, zn\u00e1my aj ako \u201e\u0160tyridsiatnica\u201c. Tento 40-d\u0148ov\u00fd p\u00f4st, ktor\u00fd sa za\u010d\u00edna 15. novembra, je obdob\u00edm duchovnej pr\u00edpravy na Vianoce. Po\u010das tohto \u010dasu mnoh\u00ed pravosl\u00e1vni kres\u0165ania nejedia produkty \u017eivo\u010d\u00ed\u0161neho p\u00f4vodu a venuj\u00fa sa modlitb\u00e1m a charite.<\/p>\n\n\n\n<h3 class=\"wp-block-heading\"><a><\/a><strong>Trad\u00edcie na \u0160tedr\u00fd ve\u010der<\/strong><\/h3>\n\n\n\n<p>\u0160tedr\u00fd ve\u010der je na Cypre \u010dasom rodinn\u00fdch stretnut\u00ed a jedine\u010dn\u00fdch zvykov:<\/p>\n\n\n\n<ul class=\"wp-block-list\">\n<li><strong>\u0160tedrove\u010dern\u00e1 ve\u010dera<\/strong>: Ve\u010dera je zvy\u010dajne vegetari\u00e1nska a zah\u0155\u0148a tradi\u010dn\u00e9 jedl\u00e1 ako plnen\u00e9 vini\u010dn\u00e9 listy (koupepia), \u0161o\u0161ovicu, orechy a r\u00f4zne druhy chleba. V\u00fdnimo\u010dn\u00fdm prvkom je \u201eChristopsomo\u201c \u2013 \u0161peci\u00e1lny chlieb zdoben\u00fd kr\u00ed\u017eom, ktor\u00fd symbolizuje Krista.<\/li>\n\n\n\n<li><strong>Koledy (Kalanda)<\/strong>: Deti na \u0160tedr\u00fd ve\u010der chodia od dver\u00ed k dver\u00e1m a spievaj\u00fa tradi\u010dn\u00e9 koledy zn\u00e1me ako \u201ekalanda\u201c. Tento zvyk m\u00e1 korene e\u0161te v byzantskej \u00e9re. Za spev dost\u00e1vaj\u00fa sladkosti alebo drobn\u00e9 dar\u010deky.<\/li>\n<\/ul>\n\n\n\n<h2 class=\"wp-block-heading\"><a><\/a><strong>Viano\u010dn\u00fd de\u0148: Sl\u00e1vnosti a pohostinnos\u0165<\/strong><\/h2>\n\n\n\n<p>Na Viano\u010dn\u00fd de\u0148, 25. decembra, sa p\u00f4st kon\u010d\u00ed a rodiny si u\u017e\u00edvaj\u00fa bohat\u00e9 hostiny. Typick\u00e9 jedl\u00e1 zah\u0155\u0148aj\u00fa pe\u010den\u00e9 m\u00e4so, ako je brav\u010dov\u00e9, a tradi\u010dn\u00e9 jedlo \u201ekleftiko\u201c, pomaly pe\u010den\u00e9 jah\u0148acie m\u00e4so. Deti sa te\u0161ia na dar\u010deky od \u201eAyios Vasilis\u201c (sv\u00e4t\u00fd Vasilis), \u010do je cypersk\u00e1 verzia Santa Clausa. Dar\u010deky sa v\u0161ak tradi\u010dne otv\u00e1raj\u00fa a\u017e na Nov\u00fd rok, aby sa uctila pamiatka sv\u00e4t\u00e9ho Vasilisa.<\/p>\n\n\n\n<h3 class=\"wp-block-heading\"><a><\/a><strong>Vasilopita: Novoro\u010dn\u00fd kol\u00e1\u010d<\/strong><\/h3>\n\n\n\n<p>Jednou z najd\u00f4le\u017eitej\u0161\u00edch novoro\u010dn\u00fdch trad\u00edci\u00ed na Cypre je pe\u010denie \u201eVasilopity\u201c, \u0161peci\u00e1lneho kol\u00e1\u010da na Nov\u00fd rok. Do kol\u00e1\u010da sa ukryje minca a ten, kto ju n\u00e1jde vo svojom k\u00fasku, m\u00e1 pod\u013ea trad\u00edcie \u0161\u0165astie po\u010das cel\u00e9ho roka. Tento zvyk je venovan\u00fd sv\u00e4t\u00e9mu Vasilisovi, ktor\u00e9ho sviatok sa oslavuje 1. janu\u00e1ra.<\/p>\n\n\n\n<figure class=\"wp-block-image size-large\"><img loading=\"lazy\" decoding=\"async\" width=\"1024\" height=\"682\" src=\"https:\/\/www.reginvest.eu\/wp-content\/uploads\/2025\/01\/carrot-pie-with-sugar-powder-top-1-1024x682.jpg\" alt=\"\" class=\"wp-image-815\" srcset=\"https:\/\/www.reginvest.eu\/wp-content\/uploads\/2025\/01\/carrot-pie-with-sugar-powder-top-1-1024x682.jpg 1024w, https:\/\/www.reginvest.eu\/wp-content\/uploads\/2025\/01\/carrot-pie-with-sugar-powder-top-1-300x200.jpg 300w, https:\/\/www.reginvest.eu\/wp-content\/uploads\/2025\/01\/carrot-pie-with-sugar-powder-top-1-768x512.jpg 768w, https:\/\/www.reginvest.eu\/wp-content\/uploads\/2025\/01\/carrot-pie-with-sugar-powder-top-1-1536x1024.jpg 1536w, https:\/\/www.reginvest.eu\/wp-content\/uploads\/2025\/01\/carrot-pie-with-sugar-powder-top-1-480x320.jpg 480w, https:\/\/www.reginvest.eu\/wp-content\/uploads\/2025\/01\/carrot-pie-with-sugar-powder-top-1-992x661.jpg 992w, https:\/\/www.reginvest.eu\/wp-content\/uploads\/2025\/01\/carrot-pie-with-sugar-powder-top-1-1200x800.jpg 1200w, https:\/\/www.reginvest.eu\/wp-content\/uploads\/2025\/01\/carrot-pie-with-sugar-powder-top-1-272x182.jpg 272w, https:\/\/www.reginvest.eu\/wp-content\/uploads\/2025\/01\/carrot-pie-with-sugar-powder-top-1.jpg 2000w\" sizes=\"auto, (max-width: 1024px) 100vw, 1024px\" \/><\/figure>\n\n\n\n<h3 class=\"wp-block-heading\"><a><\/a><strong>Viano\u010dn\u00e9 trhy a oslavy<\/strong><\/h3>\n\n\n\n<p>Cypersk\u00e9 mest\u00e1 a dediny po\u010das Vianoc o\u017e\u00edvaj\u00fa v\u010faka trhom a podujatiam, ktor\u00e9 pri\u0165ahuj\u00fa miestnych aj turistov:<\/p>\n\n\n\n<ul class=\"wp-block-list\">\n<li><strong>Viano\u010dn\u00e9 dediny<\/strong>: V r\u00e1mci iniciat\u00edvy Ministerstva turizmu sa na r\u00f4znych miestach, ako Agros, Deryneia, Fikardou, Kalopanayiotis \u010di Lefkara, organizuj\u00fa tematick\u00e9 viano\u010dn\u00e9 dediny. Tieto dediny s\u00fa vyzdoben\u00e9 svetlami a pon\u00fakaj\u00fa autentick\u00e9 viano\u010dn\u00e9 z\u00e1\u017eitky vr\u00e1tane workshopov, miestnych produktov a kult\u00farnych podujat\u00ed.<\/li>\n\n\n\n<li><strong>Mestsk\u00e9 oslavy<\/strong>: Mest\u00e1 ako Nik\u00f3zia, Limassol a Pafos \u017eiaria viano\u010dn\u00fdmi dekor\u00e1ciami a organizuj\u00fa koncerty, divadeln\u00e9 predstavenia a \u010fal\u0161ie podujatia, ktor\u00e9 vytv\u00e1raj\u00fa sviato\u010dn\u00fa atmosf\u00e9ru pre dom\u00e1cich aj n\u00e1v\u0161tevn\u00edkov.<\/li>\n<\/ul>\n\n\n\n<h3 class=\"wp-block-heading\"><a><\/a><strong>Komercializ\u00e1cia viano\u010dn\u00fdch trad\u00edci\u00ed<\/strong><\/h3>\n\n\n\n<p>Bohatstvo cypersk\u00fdch viano\u010dn\u00fdch trad\u00edci\u00ed predstavuje skvel\u00e9 pr\u00edle\u017eitosti pre rozvoj cestovn\u00e9ho ruchu a podnikania:<\/p>\n\n\n\n<ol start=\"1\" class=\"wp-block-list\">\n<li><strong>Kult\u00farna turistika<\/strong>: Turisti h\u013eadaj\u00faci autentick\u00e9 z\u00e1\u017eitky s\u00fa pri\u0165ahovan\u00ed unik\u00e1tnymi zvykmi a trad\u00edciami Cypru. Cestovn\u00e9 bal\u00edky zameran\u00e9 na \u00fa\u010das\u0165 na oslav\u00e1ch, kulin\u00e1rske z\u00e1\u017eitky a n\u00e1v\u0161tevy historick\u00fdch miest m\u00f4\u017eu oslovi\u0165 r\u00f4zne cie\u013eov\u00e9 skupiny.<\/li>\n\n\n\n<li><strong>Viano\u010dn\u00e9 trhy<\/strong>: N\u00e1rast popularity viano\u010dn\u00fdch trhov prin\u00e1\u0161a pr\u00edle\u017eitosti pre miestnych remeseln\u00edkov a podnikate\u013eov. Invest\u00edcie do trhovej infra\u0161trukt\u00fary a propag\u00e1cie m\u00f4\u017eu podpori\u0165 miestnu ekonomiku a pril\u00e1ka\u0165 medzin\u00e1rodn\u00fdch n\u00e1v\u0161tevn\u00edkov.<\/li>\n\n\n\n<li><strong>Pohostinstvo a gastron\u00f3mia<\/strong>: Po\u010das sviatkov rastie dopyt po ubytovan\u00ed a tradi\u010dn\u00fdch re\u0161taur\u00e1ci\u00e1ch. Boutique hotely a podniky pon\u00fakaj\u00face autentick\u00e9 cypersk\u00e9 z\u00e1\u017eitky m\u00f4\u017eu \u00faspe\u0161ne vyu\u017ei\u0165 tento trh.<\/li>\n\n\n\n<li><strong>Zimn\u00e9 slnko<\/strong>: V\u010faka miernym zimn\u00fdm teplot\u00e1m, ktor\u00e9 dosahuj\u00fa priemerne 22 \u00b0C, je Cyprus atrakt\u00edvnou destin\u00e1ciou pre t\u00fdch, ktor\u00ed h\u013eadaj\u00fa \u00fanik z chladnej\u0161\u00edch oblast\u00ed. Promovanie Cypru ako destin\u00e1cie \u201ezimn\u00e9ho slnka\u201c m\u00f4\u017ee zv\u00fd\u0161i\u0165 po\u010det n\u00e1v\u0161tevn\u00edkov po\u010das mimosez\u00f3ny.<\/li>\n<\/ol>\n\n\n\n<p>Cypersk\u00e9 viano\u010dn\u00e9 trad\u00edcie kombinuj\u00fa n\u00e1bo\u017eensk\u00fa \u00factu, folkl\u00f3r a spolo\u010densk\u00fd duch, \u010do vytv\u00e1ra bohat\u00fd a pohlcuj\u00faci z\u00e1\u017eitok pre n\u00e1v\u0161tevn\u00edkov. Sviato\u010dn\u00e9 obdobie nielen\u017ee zd\u00f4raz\u0148uje kult\u00farne dedi\u010dstvo ostrova, ale prin\u00e1\u0161a aj v\u00fdznamn\u00e9 pr\u00edle\u017eitosti v oblasti cestovn\u00e9ho ruchu, pohostinstva a miestnych remesiel.&nbsp;<\/p>\n","protected":false},"excerpt":{"rendered":"<p>Cyprus, n\u00e1dhern\u00fd ostrov v Stredozemnom mori, pon\u00faka po\u010das Vianoc jedine\u010dn\u00fa kombin\u00e1ciu kult\u00farnych a n\u00e1bo\u017eensk\u00fdch trad\u00edci\u00ed. Sviato\u010dn\u00e9 obdobie, zn\u00e1me ako \u201eChristougenna\u201c, je \u010dasom osl\u00e1v, folkl\u00f3ru a rodinn\u00fdch stretnut\u00ed, ktor\u00e9 zanech\u00e1vaj\u00fa nezabudnute\u013en\u00e9 spomienky. Pre t\u00fdch, ktor\u00ed h\u013eadaj\u00fa autentick\u00fd a kult\u00farne bohat\u00fd z\u00e1\u017eitok, s\u00fa cypersk\u00e9 viano\u010dn\u00e9 trad\u00edcie ide\u00e1lnou vo\u013ebou.<\/p>\n","protected":false},"author":3,"featured_media":819,"comment_status":"open","ping_status":"open","sticky":false,"template":"","format":"standard","meta":{"_acf_changed":false,"footnotes":""},"categories":[42],"tags":[],"class_list":["post-810","post","type-post","status-publish","format-standard","has-post-thumbnail","hentry","category-cyprus-sk"],"acf":[],"yoast_head":"<!-- This site is optimized with the Yoast SEO plugin v23.3 - https:\/\/yoast.com\/wordpress\/plugins\/seo\/ -->\n<title>Vianoce na Cypre - REG Invest<\/title>\n<meta name=\"robots\" content=\"index, follow, max-snippet:-1, max-image-preview:large, max-video-preview:-1\" \/>\n<link rel=\"canonical\" href=\"https:\/\/www.reginvest.eu\/sk\/vianoce-na-cypre\/\" \/>\n<meta property=\"og:locale\" content=\"sk_SK\" \/>\n<meta property=\"og:type\" content=\"article\" \/>\n<meta property=\"og:title\" content=\"Vianoce na Cypre - REG Invest\" \/>\n<meta property=\"og:description\" content=\"Cyprus, n\u00e1dhern\u00fd ostrov v Stredozemnom mori, pon\u00faka po\u010das Vianoc jedine\u010dn\u00fa kombin\u00e1ciu kult\u00farnych a n\u00e1bo\u017eensk\u00fdch trad\u00edci\u00ed. Sviato\u010dn\u00e9 obdobie, zn\u00e1me ako \u201eChristougenna\u201c, je \u010dasom osl\u00e1v, folkl\u00f3ru a rodinn\u00fdch stretnut\u00ed, ktor\u00e9 zanech\u00e1vaj\u00fa nezabudnute\u013en\u00e9 spomienky. Pre t\u00fdch, ktor\u00ed h\u013eadaj\u00fa autentick\u00fd a kult\u00farne bohat\u00fd z\u00e1\u017eitok, s\u00fa cypersk\u00e9 viano\u010dn\u00e9 trad\u00edcie ide\u00e1lnou vo\u013ebou.\" \/>\n<meta property=\"og:url\" content=\"https:\/\/www.reginvest.eu\/sk\/vianoce-na-cypre\/\" \/>\n<meta property=\"og:site_name\" content=\"REG Invest\" \/>\n<meta property=\"article:published_time\" content=\"2025-01-22T09:53:12+00:00\" \/>\n<meta property=\"article:modified_time\" content=\"2025-01-22T09:54:46+00:00\" \/>\n<meta property=\"og:image\" content=\"https:\/\/www.reginvest.eu\/wp-content\/uploads\/2025\/01\/athina-vrikki-YC3hKDVsdxs-unsplash.jpg\" \/>\n\t<meta property=\"og:image:width\" content=\"2500\" \/>\n\t<meta property=\"og:image:height\" content=\"1406\" \/>\n\t<meta property=\"og:image:type\" content=\"image\/jpeg\" \/>\n<meta name=\"author\" content=\"lukas\" \/>\n<meta name=\"twitter:card\" content=\"summary_large_image\" \/>\n<meta name=\"twitter:label1\" content=\"Autor\" \/>\n\t<meta name=\"twitter:data1\" content=\"lukas\" \/>\n\t<meta name=\"twitter:label2\" content=\"Predpokladan\u00fd \u010das \u010d\u00edtania\" \/>\n\t<meta name=\"twitter:data2\" content=\"3 min\u00faty\" \/>\n<script type=\"application\/ld+json\" class=\"yoast-schema-graph\">{\"@context\":\"https:\/\/schema.org\",\"@graph\":[{\"@type\":\"WebPage\",\"@id\":\"https:\/\/www.reginvest.eu\/sk\/vianoce-na-cypre\/\",\"url\":\"https:\/\/www.reginvest.eu\/sk\/vianoce-na-cypre\/\",\"name\":\"Vianoce na Cypre - REG Invest\",\"isPartOf\":{\"@id\":\"https:\/\/www.reginvest.eu\/#website\"},\"primaryImageOfPage\":{\"@id\":\"https:\/\/www.reginvest.eu\/sk\/vianoce-na-cypre\/#primaryimage\"},\"image\":{\"@id\":\"https:\/\/www.reginvest.eu\/sk\/vianoce-na-cypre\/#primaryimage\"},\"thumbnailUrl\":\"https:\/\/www.reginvest.eu\/wp-content\/uploads\/2025\/01\/athina-vrikki-YC3hKDVsdxs-unsplash.jpg\",\"datePublished\":\"2025-01-22T09:53:12+00:00\",\"dateModified\":\"2025-01-22T09:54:46+00:00\",\"author\":{\"@id\":\"https:\/\/www.reginvest.eu\/#\/schema\/person\/f0c9467bbc5025cb5f0c97ea2e85c65f\"},\"breadcrumb\":{\"@id\":\"https:\/\/www.reginvest.eu\/sk\/vianoce-na-cypre\/#breadcrumb\"},\"inLanguage\":\"sk-SK\",\"potentialAction\":[{\"@type\":\"ReadAction\",\"target\":[\"https:\/\/www.reginvest.eu\/sk\/vianoce-na-cypre\/\"]}]},{\"@type\":\"ImageObject\",\"inLanguage\":\"sk-SK\",\"@id\":\"https:\/\/www.reginvest.eu\/sk\/vianoce-na-cypre\/#primaryimage\",\"url\":\"https:\/\/www.reginvest.eu\/wp-content\/uploads\/2025\/01\/athina-vrikki-YC3hKDVsdxs-unsplash.jpg\",\"contentUrl\":\"https:\/\/www.reginvest.eu\/wp-content\/uploads\/2025\/01\/athina-vrikki-YC3hKDVsdxs-unsplash.jpg\",\"width\":2500,\"height\":1406},{\"@type\":\"BreadcrumbList\",\"@id\":\"https:\/\/www.reginvest.eu\/sk\/vianoce-na-cypre\/#breadcrumb\",\"itemListElement\":[{\"@type\":\"ListItem\",\"position\":1,\"name\":\"Home\",\"item\":\"https:\/\/www.reginvest.eu\/sk\/\"},{\"@type\":\"ListItem\",\"position\":2,\"name\":\"Vianoce na Cypre\"}]},{\"@type\":\"WebSite\",\"@id\":\"https:\/\/www.reginvest.eu\/#website\",\"url\":\"https:\/\/www.reginvest.eu\/\",\"name\":\"REG Invest\",\"description\":\"\",\"potentialAction\":[{\"@type\":\"SearchAction\",\"target\":{\"@type\":\"EntryPoint\",\"urlTemplate\":\"https:\/\/www.reginvest.eu\/?s={search_term_string}\"},\"query-input\":\"required name=search_term_string\"}],\"inLanguage\":\"sk-SK\"},{\"@type\":\"Person\",\"@id\":\"https:\/\/www.reginvest.eu\/#\/schema\/person\/f0c9467bbc5025cb5f0c97ea2e85c65f\",\"name\":\"lukas\",\"image\":{\"@type\":\"ImageObject\",\"inLanguage\":\"sk-SK\",\"@id\":\"https:\/\/www.reginvest.eu\/#\/schema\/person\/image\/\",\"url\":\"https:\/\/secure.gravatar.com\/avatar\/15a00cca8db6131549c0855410a1eba42b59e4408ae0b870ce5053f6787c95fa?s=96&d=mm&r=g\",\"contentUrl\":\"https:\/\/secure.gravatar.com\/avatar\/15a00cca8db6131549c0855410a1eba42b59e4408ae0b870ce5053f6787c95fa?s=96&d=mm&r=g\",\"caption\":\"lukas\"},\"url\":\"https:\/\/www.reginvest.eu\/sk\/author\/lukas\/\"}]}<\/script>\n<!-- \/ Yoast SEO plugin. -->","yoast_head_json":{"title":"Vianoce na Cypre - REG Invest","robots":{"index":"index","follow":"follow","max-snippet":"max-snippet:-1","max-image-preview":"max-image-preview:large","max-video-preview":"max-video-preview:-1"},"canonical":"https:\/\/www.reginvest.eu\/sk\/vianoce-na-cypre\/","og_locale":"sk_SK","og_type":"article","og_title":"Vianoce na Cypre - REG Invest","og_description":"Cyprus, n\u00e1dhern\u00fd ostrov v Stredozemnom mori, pon\u00faka po\u010das Vianoc jedine\u010dn\u00fa kombin\u00e1ciu kult\u00farnych a n\u00e1bo\u017eensk\u00fdch trad\u00edci\u00ed. Sviato\u010dn\u00e9 obdobie, zn\u00e1me ako \u201eChristougenna\u201c, je \u010dasom osl\u00e1v, folkl\u00f3ru a rodinn\u00fdch stretnut\u00ed, ktor\u00e9 zanech\u00e1vaj\u00fa nezabudnute\u013en\u00e9 spomienky. Pre t\u00fdch, ktor\u00ed h\u013eadaj\u00fa autentick\u00fd a kult\u00farne bohat\u00fd z\u00e1\u017eitok, s\u00fa cypersk\u00e9 viano\u010dn\u00e9 trad\u00edcie ide\u00e1lnou vo\u013ebou.","og_url":"https:\/\/www.reginvest.eu\/sk\/vianoce-na-cypre\/","og_site_name":"REG Invest","article_published_time":"2025-01-22T09:53:12+00:00","article_modified_time":"2025-01-22T09:54:46+00:00","og_image":[{"width":2500,"height":1406,"url":"https:\/\/www.reginvest.eu\/wp-content\/uploads\/2025\/01\/athina-vrikki-YC3hKDVsdxs-unsplash.jpg","type":"image\/jpeg"}],"author":"lukas","twitter_card":"summary_large_image","twitter_misc":{"Autor":"lukas","Predpokladan\u00fd \u010das \u010d\u00edtania":"3 min\u00faty"},"schema":{"@context":"https:\/\/schema.org","@graph":[{"@type":"WebPage","@id":"https:\/\/www.reginvest.eu\/sk\/vianoce-na-cypre\/","url":"https:\/\/www.reginvest.eu\/sk\/vianoce-na-cypre\/","name":"Vianoce na Cypre - REG Invest","isPartOf":{"@id":"https:\/\/www.reginvest.eu\/#website"},"primaryImageOfPage":{"@id":"https:\/\/www.reginvest.eu\/sk\/vianoce-na-cypre\/#primaryimage"},"image":{"@id":"https:\/\/www.reginvest.eu\/sk\/vianoce-na-cypre\/#primaryimage"},"thumbnailUrl":"https:\/\/www.reginvest.eu\/wp-content\/uploads\/2025\/01\/athina-vrikki-YC3hKDVsdxs-unsplash.jpg","datePublished":"2025-01-22T09:53:12+00:00","dateModified":"2025-01-22T09:54:46+00:00","author":{"@id":"https:\/\/www.reginvest.eu\/#\/schema\/person\/f0c9467bbc5025cb5f0c97ea2e85c65f"},"breadcrumb":{"@id":"https:\/\/www.reginvest.eu\/sk\/vianoce-na-cypre\/#breadcrumb"},"inLanguage":"sk-SK","potentialAction":[{"@type":"ReadAction","target":["https:\/\/www.reginvest.eu\/sk\/vianoce-na-cypre\/"]}]},{"@type":"ImageObject","inLanguage":"sk-SK","@id":"https:\/\/www.reginvest.eu\/sk\/vianoce-na-cypre\/#primaryimage","url":"https:\/\/www.reginvest.eu\/wp-content\/uploads\/2025\/01\/athina-vrikki-YC3hKDVsdxs-unsplash.jpg","contentUrl":"https:\/\/www.reginvest.eu\/wp-content\/uploads\/2025\/01\/athina-vrikki-YC3hKDVsdxs-unsplash.jpg","width":2500,"height":1406},{"@type":"BreadcrumbList","@id":"https:\/\/www.reginvest.eu\/sk\/vianoce-na-cypre\/#breadcrumb","itemListElement":[{"@type":"ListItem","position":1,"name":"Home","item":"https:\/\/www.reginvest.eu\/sk\/"},{"@type":"ListItem","position":2,"name":"Vianoce na Cypre"}]},{"@type":"WebSite","@id":"https:\/\/www.reginvest.eu\/#website","url":"https:\/\/www.reginvest.eu\/","name":"REG Invest","description":"","potentialAction":[{"@type":"SearchAction","target":{"@type":"EntryPoint","urlTemplate":"https:\/\/www.reginvest.eu\/?s={search_term_string}"},"query-input":"required name=search_term_string"}],"inLanguage":"sk-SK"},{"@type":"Person","@id":"https:\/\/www.reginvest.eu\/#\/schema\/person\/f0c9467bbc5025cb5f0c97ea2e85c65f","name":"lukas","image":{"@type":"ImageObject","inLanguage":"sk-SK","@id":"https:\/\/www.reginvest.eu\/#\/schema\/person\/image\/","url":"https:\/\/secure.gravatar.com\/avatar\/15a00cca8db6131549c0855410a1eba42b59e4408ae0b870ce5053f6787c95fa?s=96&d=mm&r=g","contentUrl":"https:\/\/secure.gravatar.com\/avatar\/15a00cca8db6131549c0855410a1eba42b59e4408ae0b870ce5053f6787c95fa?s=96&d=mm&r=g","caption":"lukas"},"url":"https:\/\/www.reginvest.eu\/sk\/author\/lukas\/"}]}},"_links":{"self":[{"href":"https:\/\/www.reginvest.eu\/sk\/wp-json\/wp\/v2\/posts\/810","targetHints":{"allow":["GET"]}}],"collection":[{"href":"https:\/\/www.reginvest.eu\/sk\/wp-json\/wp\/v2\/posts"}],"about":[{"href":"https:\/\/www.reginvest.eu\/sk\/wp-json\/wp\/v2\/types\/post"}],"author":[{"embeddable":true,"href":"https:\/\/www.reginvest.eu\/sk\/wp-json\/wp\/v2\/users\/3"}],"replies":[{"embeddable":true,"href":"https:\/\/www.reginvest.eu\/sk\/wp-json\/wp\/v2\/comments?post=810"}],"version-history":[{"count":1,"href":"https:\/\/www.reginvest.eu\/sk\/wp-json\/wp\/v2\/posts\/810\/revisions"}],"predecessor-version":[{"id":822,"href":"https:\/\/www.reginvest.eu\/sk\/wp-json\/wp\/v2\/posts\/810\/revisions\/822"}],"wp:featuredmedia":[{"embeddable":true,"href":"https:\/\/www.reginvest.eu\/sk\/wp-json\/wp\/v2\/media\/819"}],"wp:attachment":[{"href":"https:\/\/www.reginvest.eu\/sk\/wp-json\/wp\/v2\/media?parent=810"}],"wp:term":[{"taxonomy":"category","embeddable":true,"href":"https:\/\/www.reginvest.eu\/sk\/wp-json\/wp\/v2\/categories?post=810"},{"taxonomy":"post_tag","embeddable":true,"href":"https:\/\/www.reginvest.eu\/sk\/wp-json\/wp\/v2\/tags?post=810"}],"curies":[{"name":"wp","href":"https:\/\/api.w.org\/{rel}","templated":true}]}}